{"id":17433,"date":"2025-10-30T10:16:30","date_gmt":"2025-10-30T08:16:30","guid":{"rendered":"https:\/\/kompetence.ff.upol.cz\/?p=17433"},"modified":"2025-10-30T10:23:31","modified_gmt":"2025-10-30T08:23:31","slug":"projektove-aktivity-v-obdobi-2024-2025","status":"publish","type":"post","link":"http:\/\/kompetence.ff.upol.cz\/pl\/aktualnosci\/projektove-aktivity-v-obdobi-2024-2025\/","title":{"rendered":"Dzia\u0142ania projektowe w latach 2024\u20132025"},"content":{"rendered":"\n<p><strong>W ci\u0105gu kolejnego roku okresu monitorowania trwa\u0142o\u015bci projektu (02.10.2024 \u2013 01.10.2025) zar\u00f3wno po stronie czeskiej, jak i polskiej kontynuowano dzia\u0142ania zwi\u0105zane z projektem i jego celami.<\/strong><\/p>\n\n\n\n<p>Na Uniwersytecie Palackiego w O\u0142omu\u0144cu w semestrze zimowym i letnim 2024\u20132025 r. prowadzono kursy z zakresu j\u0119zyka polskiego dla pocz\u0105tkuj\u0105cych 1\u20134 (j\u0119zyk obcy \u2013 polski 1\u20134) oraz \u0107wiczenia t\u0142umaczeniowe 1\u20134. Podczas zaj\u0119\u0107 wykorzystywano podr\u0119cznik j\u0119zyka polskiego dla Czech\u00f3w oraz inne materia\u0142y dydaktyczne zwi\u0105zane z projektem.<\/p>\n\n\n\n<p>Odby\u0142y si\u0119 r\u00f3wnie\u017c trzy warsztaty, kt\u00f3rych celem by\u0142o wsparcie nauczania j\u0119zyka polskiego i czeskiego w regionie przygranicznym z wykorzystaniem podr\u0119cznika i materia\u0142\u00f3w dydaktycznych opracowanych w ramach projektu. Konkretnie odby\u0142y si\u0119 nast\u0119puj\u0105ce warsztaty:<\/p>\n\n\n\n<p>Warsztaty \u2013 testowanie podr\u0119cznika, 24.04.2025, Racib\u00f3rz, Polska;<br \/>Warsztaty \u2013 testowanie podr\u0119cznika, 08.04.2025, O\u0142omuniec, Czechy;<br \/>Warsztaty Centrum Pedagogiczne Czeski Cieszyn, 07\u201308.06.2025.<\/p>\n<p>\u00a0<\/p>\n\n\n\n\n\n<p><\/p>\n\n\n","protected":false},"excerpt":{"rendered":"<p>W ci\u0105gu kolejnego roku okresu monitorowania trwa\u0142o\u015bci projektu (02.10.2024 \u2013 01.10.2025) zar\u00f3wno po stronie czeskiej, jak i polskiej kontynuowano dzia\u0142ania zwi\u0105zane z projektem i jego celami. Na Uniwersytecie Palackiego w O\u0142omu\u0144cu w semestrze zimowym i letnim 2024\u20132025 r. prowadzono kursy z zakresu j\u0119zyka polskiego dla pocz\u0105tkuj\u0105cych 1\u20134 (j\u0119zyk obcy \u2013 polski 1\u20134) oraz \u0107wiczenia t\u0142umaczeniowe&#8230;<\/p>\n","protected":false},"author":39,"featured_media":17418,"comment_status":"open","ping_status":"open","sticky":false,"template":"","format":"standard","meta":{"footnotes":""},"categories":[5],"tags":[],"class_list":["post-17433","post","type-post","status-publish","format-standard","has-post-thumbnail","hentry","category-aktualnosci"],"aioseo_notices":[],"_links":{"self":[{"href":"http:\/\/kompetence.ff.upol.cz\/pl\/wp-json\/wp\/v2\/posts\/17433","targetHints":{"allow":["GET"]}}],"collection":[{"href":"http:\/\/kompetence.ff.upol.cz\/pl\/wp-json\/wp\/v2\/posts"}],"about":[{"href":"http:\/\/kompetence.ff.upol.cz\/pl\/wp-json\/wp\/v2\/types\/post"}],"author":[{"embeddable":true,"href":"http:\/\/kompetence.ff.upol.cz\/pl\/wp-json\/wp\/v2\/users\/39"}],"replies":[{"embeddable":true,"href":"http:\/\/kompetence.ff.upol.cz\/pl\/wp-json\/wp\/v2\/comments?post=17433"}],"version-history":[{"count":5,"href":"http:\/\/kompetence.ff.upol.cz\/pl\/wp-json\/wp\/v2\/posts\/17433\/revisions"}],"predecessor-version":[{"id":17442,"href":"http:\/\/kompetence.ff.upol.cz\/pl\/wp-json\/wp\/v2\/posts\/17433\/revisions\/17442"}],"wp:featuredmedia":[{"embeddable":true,"href":"http:\/\/kompetence.ff.upol.cz\/pl\/wp-json\/wp\/v2\/media\/17418"}],"wp:attachment":[{"href":"http:\/\/kompetence.ff.upol.cz\/pl\/wp-json\/wp\/v2\/media?parent=17433"}],"wp:term":[{"taxonomy":"category","embeddable":true,"href":"http:\/\/kompetence.ff.upol.cz\/pl\/wp-json\/wp\/v2\/categories?post=17433"},{"taxonomy":"post_tag","embeddable":true,"href":"http:\/\/kompetence.ff.upol.cz\/pl\/wp-json\/wp\/v2\/tags?post=17433"}],"curies":[{"name":"wp","href":"https:\/\/api.w.org\/{rel}","templated":true}]}}