{"id":17335,"date":"2021-10-13T11:59:30","date_gmt":"2021-10-13T09:59:30","guid":{"rendered":"http:\/\/kompetence.ff.upol.cz\/?p=17335"},"modified":"2022-09-21T12:06:44","modified_gmt":"2022-09-21T10:06:44","slug":"podrecznik-polskiego-dla-czechow-jest-juz-na-swiecie","status":"publish","type":"post","link":"http:\/\/kompetence.ff.upol.cz\/pl\/aktualnosci\/podrecznik-polskiego-dla-czechow-jest-juz-na-swiecie\/","title":{"rendered":"Podr\u0119cznik polskiego dla Czech\u00f3w jest ju\u017c na \u015bwiecie!"},"content":{"rendered":"\n<p>We wrze\u015bniu 2021 roku Uniwersytet Palackiego w O\u0142omu\u0144cu wyda\u0142 d\u0142ugo oczekiwany podr\u0119cznik dla czeskich student\u00f3w j\u0119zyka polskiego na poziomie A2-B1 wed\u0142ug Wsp\u00f3lnych Europejskich Ram Referencyjnych.<\/p>\n<p>Podr\u0119cznik powsta\u0142 w ramach projektu Zwi\u0119kszanie kompetencji j\u0119zykowych przysz\u0142ych absolwent\u00f3w na transgranicznym rynku pracy i zaanga\u017cowano w niego polsko-czeski kolektyw autorski kierowany przez autorki Barbar\u0119 Chlebd\u0119 i Iren\u0119 Daneck\u0105.<\/p>\n<p>Podr\u0119cznik przygotowuje uczni\u00f3w i student\u00f3w do opanowania typowych sytuacji komunikacyjnych, kt\u00f3re mog\u0105 wyst\u0105pi\u0107 podczas ich pobytu w Polsce, systematycznie rozwija ich umiej\u0119tno\u015bci j\u0119zykowe, dostarcza informacji o wsp\u00f3\u0142czesnej Polsce, Polakach i j\u0119zyku polskim, a tak\u017ce umo\u017cliwia p\u00f3\u017aniejsze nauczanie indywidualne. Podr\u0119cznik zostanie uzupe\u0142niony o inne materia\u0142y dydaktyczne na stronie internetowej tego projektu.<\/p>\n","protected":false},"excerpt":{"rendered":"<p>We wrze\u015bniu 2021 roku Uniwersytet Palackiego w O\u0142omu\u0144cu wyda\u0142 d\u0142ugo oczekiwany podr\u0119cznik dla czeskich student\u00f3w j\u0119zyka polskiego na poziomie A2-B1 wed\u0142ug Wsp\u00f3lnych Europejskich Ram Referencyjnych. Podr\u0119cznik powsta\u0142 w ramach projektu Zwi\u0119kszanie kompetencji j\u0119zykowych przysz\u0142ych absolwent\u00f3w na transgranicznym rynku pracy i zaanga\u017cowano w niego polsko-czeski kolektyw autorski kierowany przez autorki Barbar\u0119 Chlebd\u0119 i Iren\u0119 Daneck\u0105. Podr\u0119cznik&#8230;<\/p>\n","protected":false},"author":39,"featured_media":17299,"comment_status":"open","ping_status":"open","sticky":false,"template":"","format":"standard","meta":{"footnotes":""},"categories":[5],"tags":[],"class_list":["post-17335","post","type-post","status-publish","format-standard","has-post-thumbnail","hentry","category-aktualnosci"],"aioseo_notices":[],"_links":{"self":[{"href":"http:\/\/kompetence.ff.upol.cz\/pl\/wp-json\/wp\/v2\/posts\/17335","targetHints":{"allow":["GET"]}}],"collection":[{"href":"http:\/\/kompetence.ff.upol.cz\/pl\/wp-json\/wp\/v2\/posts"}],"about":[{"href":"http:\/\/kompetence.ff.upol.cz\/pl\/wp-json\/wp\/v2\/types\/post"}],"author":[{"embeddable":true,"href":"http:\/\/kompetence.ff.upol.cz\/pl\/wp-json\/wp\/v2\/users\/39"}],"replies":[{"embeddable":true,"href":"http:\/\/kompetence.ff.upol.cz\/pl\/wp-json\/wp\/v2\/comments?post=17335"}],"version-history":[{"count":2,"href":"http:\/\/kompetence.ff.upol.cz\/pl\/wp-json\/wp\/v2\/posts\/17335\/revisions"}],"predecessor-version":[{"id":17337,"href":"http:\/\/kompetence.ff.upol.cz\/pl\/wp-json\/wp\/v2\/posts\/17335\/revisions\/17337"}],"wp:featuredmedia":[{"embeddable":true,"href":"http:\/\/kompetence.ff.upol.cz\/pl\/wp-json\/wp\/v2\/media\/17299"}],"wp:attachment":[{"href":"http:\/\/kompetence.ff.upol.cz\/pl\/wp-json\/wp\/v2\/media?parent=17335"}],"wp:term":[{"taxonomy":"category","embeddable":true,"href":"http:\/\/kompetence.ff.upol.cz\/pl\/wp-json\/wp\/v2\/categories?post=17335"},{"taxonomy":"post_tag","embeddable":true,"href":"http:\/\/kompetence.ff.upol.cz\/pl\/wp-json\/wp\/v2\/tags?post=17335"}],"curies":[{"name":"wp","href":"https:\/\/api.w.org\/{rel}","templated":true}]}}