{"id":17097,"date":"2018-09-25T13:55:56","date_gmt":"2018-09-25T11:55:56","guid":{"rendered":"http:\/\/kompetence.ff.upol.cz\/?p=17097"},"modified":"2018-12-17T14:15:38","modified_gmt":"2018-12-17T12:15:38","slug":"czeski-partner-przygotowuje-polski-podrecznik-dla-czechow","status":"publish","type":"post","link":"http:\/\/kompetence.ff.upol.cz\/pl\/aktualnosci\/czeski-partner-przygotowuje-polski-podrecznik-dla-czechow\/","title":{"rendered":"Czeski partner przygotowuje polski podr\u0119cznik dla Czech\u00f3w"},"content":{"rendered":"<p><span class=\"tlid-translation translation\"><span class=\"\" title=\"\">Cz\u0142onkowie czeskiego zespo\u0142u projektowego spotkali si\u0119 w po\u0142owie wrze\u015bnia <\/span><\/span><span class=\"tlid-translation translation\"><span class=\"\" title=\"\">w Ma\u0142ej Mor\u00e1vce, \u017ceby zbilansowa\u0107<\/span><\/span><span class=\"tlid-translation translation\"><span class=\"\" title=\"\"> post\u0119py w przygotowaniu program\u00f3w i pomocy dydaktycznych oraz podr\u0119cznik\u00f3w.<\/span> <span class=\"\" title=\"\">Uczestnicy intensywnej trzydniowej burzy m\u00f3zg\u00f3w zd\u0105\u017cyli opracowa\u0107 ju\u017c form\u0119 przysz\u0142ego podr\u0119cznika j\u0119zyka <\/span><\/span><span class=\"tlid-translation translation\"><span class=\"\" title=\"\">polskiego<\/span><\/span><span class=\"tlid-translation translation\"><span class=\"\" title=\"\"> dla czeskich student\u00f3w, zgodnego z wymaganiami Europejskiego Systemu Opisu Kszta\u0142cenia J\u0119zykowego dla poziom\u00f3w A2 &#8211; B1.<\/span><\/span><\/p>\n","protected":false},"excerpt":{"rendered":"<p>Cz\u0142onkowie czeskiego zespo\u0142u projektowego spotkali si\u0119 w po\u0142owie wrze\u015bnia w Ma\u0142ej Mor\u00e1vce, \u017ceby zbilansowa\u0107 post\u0119py w przygotowaniu program\u00f3w i pomocy dydaktycznych oraz podr\u0119cznik\u00f3w. Uczestnicy intensywnej trzydniowej burzy m\u00f3zg\u00f3w zd\u0105\u017cyli opracowa\u0107 ju\u017c form\u0119 przysz\u0142ego podr\u0119cznika j\u0119zyka polskiego dla czeskich student\u00f3w, zgodnego z wymaganiami Europejskiego Systemu Opisu Kszta\u0142cenia J\u0119zykowego dla poziom\u00f3w A2 &#8211; B1.<\/p>\n","protected":false},"author":39,"featured_media":17094,"comment_status":"open","ping_status":"open","sticky":false,"template":"","format":"standard","meta":{"footnotes":""},"categories":[5],"tags":[],"class_list":["post-17097","post","type-post","status-publish","format-standard","has-post-thumbnail","hentry","category-aktualnosci"],"aioseo_notices":[],"_links":{"self":[{"href":"http:\/\/kompetence.ff.upol.cz\/pl\/wp-json\/wp\/v2\/posts\/17097","targetHints":{"allow":["GET"]}}],"collection":[{"href":"http:\/\/kompetence.ff.upol.cz\/pl\/wp-json\/wp\/v2\/posts"}],"about":[{"href":"http:\/\/kompetence.ff.upol.cz\/pl\/wp-json\/wp\/v2\/types\/post"}],"author":[{"embeddable":true,"href":"http:\/\/kompetence.ff.upol.cz\/pl\/wp-json\/wp\/v2\/users\/39"}],"replies":[{"embeddable":true,"href":"http:\/\/kompetence.ff.upol.cz\/pl\/wp-json\/wp\/v2\/comments?post=17097"}],"version-history":[{"count":2,"href":"http:\/\/kompetence.ff.upol.cz\/pl\/wp-json\/wp\/v2\/posts\/17097\/revisions"}],"predecessor-version":[{"id":17099,"href":"http:\/\/kompetence.ff.upol.cz\/pl\/wp-json\/wp\/v2\/posts\/17097\/revisions\/17099"}],"wp:featuredmedia":[{"embeddable":true,"href":"http:\/\/kompetence.ff.upol.cz\/pl\/wp-json\/wp\/v2\/media\/17094"}],"wp:attachment":[{"href":"http:\/\/kompetence.ff.upol.cz\/pl\/wp-json\/wp\/v2\/media?parent=17097"}],"wp:term":[{"taxonomy":"category","embeddable":true,"href":"http:\/\/kompetence.ff.upol.cz\/pl\/wp-json\/wp\/v2\/categories?post=17097"},{"taxonomy":"post_tag","embeddable":true,"href":"http:\/\/kompetence.ff.upol.cz\/pl\/wp-json\/wp\/v2\/tags?post=17097"}],"curies":[{"name":"wp","href":"https:\/\/api.w.org\/{rel}","templated":true}]}}