{"id":17083,"date":"2018-06-15T11:54:01","date_gmt":"2018-06-15T09:54:01","guid":{"rendered":"http:\/\/kompetence.ff.upol.cz\/?p=17083"},"modified":"2018-08-27T12:02:06","modified_gmt":"2018-08-27T10:02:06","slug":"kierownicy-projektu-spotkali-sie-z-rektorem-uniwersytetu-wroclawskiego","status":"publish","type":"post","link":"http:\/\/kompetence.ff.upol.cz\/pl\/aktualnosci\/kierownicy-projektu-spotkali-sie-z-rektorem-uniwersytetu-wroclawskiego\/","title":{"rendered":"Kierownicy projektu spotkali si\u0119 z rektorem Uniwersytetu Wroc\u0142awskiego"},"content":{"rendered":"<p><span class=\"tlid-translation translation\"><span class=\"\" title=\"\">Na pocz\u0105tku czerwca odby\u0142o si\u0119 dwustronne spotkanie partner\u00f3w projektowych we Wroc\u0142awiu.<\/span> <span class=\"\" title=\"\">Przy tej okazji informacja o projekcie przekazana zosta\u0142a Rektorowi Uniwersytetu Wroc\u0142awskiego Prof.<\/span> <span title=\"\">Adamowi Jezierskiemu oraz mediom akademickim.<\/span> <span class=\"\" title=\"\">Projekt przedstawia obszerny artyku\u0142 czasopisma akademickiego &#8222;Przegl\u0105d Uniwersytecki&#8221;.<\/span> <span title=\"\">Wersja online artyku\u0142u z galeri\u0105 dost\u0119pna <a href=\"https:\/\/uni.wroc.pl\/polacy-i-czesi-pomoga-zdobyc-prace-absolwentom\/\" target=\"_blank\" rel=\"noopener\">TUTAJ<\/a>.<\/span><\/span><\/p>\n","protected":false},"excerpt":{"rendered":"<p>Na pocz\u0105tku czerwca odby\u0142o si\u0119 dwustronne spotkanie partner\u00f3w projektowych we Wroc\u0142awiu. Przy tej okazji informacja o projekcie przekazana zosta\u0142a Rektorowi Uniwersytetu Wroc\u0142awskiego Prof. Adamowi Jezierskiemu oraz mediom akademickim. Projekt przedstawia obszerny artyku\u0142 czasopisma akademickiego &#8222;Przegl\u0105d Uniwersytecki&#8221;. Wersja online artyku\u0142u z galeri\u0105 dost\u0119pna TUTAJ.<\/p>\n","protected":false},"author":39,"featured_media":17080,"comment_status":"open","ping_status":"open","sticky":false,"template":"","format":"standard","meta":{"footnotes":""},"categories":[5],"tags":[],"class_list":["post-17083","post","type-post","status-publish","format-standard","has-post-thumbnail","hentry","category-aktualnosci"],"aioseo_notices":[],"_links":{"self":[{"href":"http:\/\/kompetence.ff.upol.cz\/pl\/wp-json\/wp\/v2\/posts\/17083","targetHints":{"allow":["GET"]}}],"collection":[{"href":"http:\/\/kompetence.ff.upol.cz\/pl\/wp-json\/wp\/v2\/posts"}],"about":[{"href":"http:\/\/kompetence.ff.upol.cz\/pl\/wp-json\/wp\/v2\/types\/post"}],"author":[{"embeddable":true,"href":"http:\/\/kompetence.ff.upol.cz\/pl\/wp-json\/wp\/v2\/users\/39"}],"replies":[{"embeddable":true,"href":"http:\/\/kompetence.ff.upol.cz\/pl\/wp-json\/wp\/v2\/comments?post=17083"}],"version-history":[{"count":2,"href":"http:\/\/kompetence.ff.upol.cz\/pl\/wp-json\/wp\/v2\/posts\/17083\/revisions"}],"predecessor-version":[{"id":17087,"href":"http:\/\/kompetence.ff.upol.cz\/pl\/wp-json\/wp\/v2\/posts\/17083\/revisions\/17087"}],"wp:featuredmedia":[{"embeddable":true,"href":"http:\/\/kompetence.ff.upol.cz\/pl\/wp-json\/wp\/v2\/media\/17080"}],"wp:attachment":[{"href":"http:\/\/kompetence.ff.upol.cz\/pl\/wp-json\/wp\/v2\/media?parent=17083"}],"wp:term":[{"taxonomy":"category","embeddable":true,"href":"http:\/\/kompetence.ff.upol.cz\/pl\/wp-json\/wp\/v2\/categories?post=17083"},{"taxonomy":"post_tag","embeddable":true,"href":"http:\/\/kompetence.ff.upol.cz\/pl\/wp-json\/wp\/v2\/tags?post=17083"}],"curies":[{"name":"wp","href":"https:\/\/api.w.org\/{rel}","templated":true}]}}